{"id":129,"date":"2012-09-26T11:34:33","date_gmt":"2012-09-26T11:34:33","guid":{"rendered":"https:\/\/www.cekt.org\/?p=129"},"modified":"2012-09-26T11:34:33","modified_gmt":"2012-09-26T11:34:33","slug":"resultados-mundial-wako-bratislava","status":"publish","type":"post","link":"https:\/\/www.cekt.org\/?p=129","title":{"rendered":"RESULTADOS MUNDIAL WAKO BRATISLAVA"},"content":{"rendered":"<div><\/div>\n<p>Buenas, aqu\u00ed os paso detalles del Mundial en Eslovaquia:<\/p>\n<div><\/div>\n<div><\/div>\n<div>\u00a0 \u00a0\u00a0\u00a0<span style=\"text-decoration: underline;\"><strong>Marvin \u00a0Killer \u00a0deportista Ibicenco \u00a0gana Medalla de BRONCE \u00a0en el Cto. del Mundo en Bratislava.<\/strong><\/span><\/div>\n<div><\/div>\n<div><\/div>\n<div><\/div>\n<div><em>Como ya os inform\u00e9 la pasada semana, el Equipo Ibicenco\u00a0 CEKT\u00a0 formado por \u00a0Marvin Killer y Dominik Fleischmann, acudieron junto con su entrenadora Clara Bonet , como parte de la selecci\u00f3n Nacional, \u00a0al Campeonato del MUNDO \u00a0Junior de Kick Boxing y formas\u00a0 en la Ciudad de Bratislava (Eslovaquia). \u00a0Con la presencia de 54 paises y la participaci\u00f3n de unos 1500 deportistas.<\/em><\/div>\n<div><em>\u00a0La competici\u00f3n dur\u00f3 toda la semana, del d\u00eda 10 de setiembre al 15 de setiembre, d\u00eda que los dos ibicencos pertenecientes a la Escuela de Tecnificaci\u00f3n de Kick Boxing \u00a0de Ibiza, con peligro \u00a0de ser Renovada, ya que est\u00e1n los presupuestos por cerrar, A pesar de que el Equipo \u00a0Ibicenco logr\u00f3 una reconocida y merecida medalla de Bronce.<\/em><\/div>\n<div><em><br \/>\n<\/em><\/div>\n<div><em><br \/>\n<\/em><\/div>\n<div><em>\u00a0 \u00a0 Los dos deportistas compitieron en la categor\u00eda Junior en Formas\u00a0 en dos modalidades \u00a0Formas con armas y formas sin armas.<\/em><\/div>\n<div><em><br \/>\n<\/em><\/div>\n<div><em>\u00a0 \u00a0Marvin Killer \u00a0logr\u00f3 medalla de Bronce en Forma con armas, solo por dos d\u00e9cimas de diferencia con el segundo; siendo Campe\u00f3n y sub -campe\u00f3n, el fuerte equipo Ruso, Proclam\u00e1ndose \u00a0Oro y Plata.<\/em><\/div>\n<div><em><br \/>\n<\/em><\/div>\n<div><em>\u00a0 \u00a0En la modalidad de Formas sin Armas, Dominik Fleischmann consigui\u00f3 un merecido 5 \u00ba puesto, solo quedando por delante suya, Rusia, EEUU, e Italia.<\/em><\/div>\n<div><em><br \/>\n<\/em><\/div>\n<div><em><br \/>\n<\/em><\/div>\n<div><em>\u00a0 La entrenadora recibi\u00f3 \u00a0por parte del equipo arbitral la enhorabuena por \u00a0los grandes y fuertes competidores espa\u00f1oles, que no les ponen \u00a0nada f\u00e1cil a los \u00a0siempre pa\u00eds ganadores como Rusia, EEUU, Ukr\u00e1nia, &#8230; que consigan \u00a0su podium. \u00a0Y que viendo que cada vez su alto nivel \u00a0es m\u00e1s fuerte, y con el gran n\u00famero de pa\u00edses participantes, que hace que una medalla sea una Gran Victoria para un deportista.\u00a0<\/em><\/div>\n<div><em><br \/>\n<\/em><\/div>\n<div><em>El Equipo Ibicenco de la Escuela de Tecnificaci\u00f3n De la FED.Balear de Kick Boxing, ya lleva desde el 2005 \u00a0 en los Campeonatos de la Fed. Mundial WAKO, \u00a0 con las primeras dos medallas de Bronce de Clara Bonet \u00a0en Marruecos, hasta d\u00eda de hoy tambi\u00e9n con el equipo Junior; dos Medallas de Oro en el Mundial de Croacia y \u00a07 medallas de Bronce entre Europeos y Mundiales, sumando un Total de \u00a09 Medallas para el Equipo Ibicenco de la Esc. De Tecnificaci\u00f3n B. de Kick Boxing, siendo ya un reconocido y fuerte contrincante para los dem\u00e1s pa\u00edses en los Ctos. de Europa y Mundiales.<\/em><\/div>\n<div><em>\u00a0\u00a0<a href=\"https:\/\/www.cekt.org\/wp-content\/uploads\/2012\/09\/IMG_5715.jpg\"><img loading=\"lazy\" decoding=\"async\" class=\"aligncenter size-medium wp-image-137\" title=\"IMG_5715\" src=\"https:\/\/www.cekt.org\/wp-content\/uploads\/2012\/09\/IMG_5715-300x200.jpg\" alt=\"\" width=\"300\" height=\"200\" \/><\/a><a href=\"https:\/\/www.cekt.org\/wp-content\/uploads\/2012\/09\/IMG_5686.jpg\"><img loading=\"lazy\" decoding=\"async\" class=\"aligncenter size-medium wp-image-136\" title=\"IMG_5686\" src=\"https:\/\/www.cekt.org\/wp-content\/uploads\/2012\/09\/IMG_5686-300x200.jpg\" alt=\"\" width=\"300\" height=\"200\" \/><\/a><a href=\"https:\/\/www.cekt.org\/wp-content\/uploads\/2012\/09\/IMG_5679.jpg\"><img loading=\"lazy\" decoding=\"async\" class=\"aligncenter size-medium wp-image-135\" title=\"IMG_5679\" src=\"https:\/\/www.cekt.org\/wp-content\/uploads\/2012\/09\/IMG_5679-300x200.jpg\" alt=\"\" width=\"300\" height=\"200\" \/><\/a><\/em><\/div>\n<div><\/div>\n<p><span style=\"font-size: large;\"><span style=\"text-decoration: underline;\"><br \/>\n<\/span><\/span><\/p>\n","protected":false},"excerpt":{"rendered":"<p>Buenas, aqu\u00ed os paso detalles del Mundial en Eslovaquia: \u00a0 \u00a0\u00a0\u00a0Marvin \u00a0Killer \u00a0deportista Ibicenco \u00a0gana Medalla de BRONCE \u00a0en el Cto. del Mundo en Bratislava. Como ya os inform\u00e9 la pasada semana, el Equipo Ibicenco\u00a0 CEKT\u00a0 formado por \u00a0Marvin Killer y Dominik Fleischmann, acudieron junto con su entrenadora Clara Bonet , como parte de la [&hellip;]<\/p>\n","protected":false},"author":1,"featured_media":0,"comment_status":"closed","ping_status":"open","sticky":false,"template":"","format":"standard","meta":{"footnotes":""},"categories":[1],"tags":[],"class_list":["post-129","post","type-post","status-publish","format-standard","hentry","category-noticias"],"_links":{"self":[{"href":"https:\/\/www.cekt.org\/index.php?rest_route=\/wp\/v2\/posts\/129","targetHints":{"allow":["GET"]}}],"collection":[{"href":"https:\/\/www.cekt.org\/index.php?rest_route=\/wp\/v2\/posts"}],"about":[{"href":"https:\/\/www.cekt.org\/index.php?rest_route=\/wp\/v2\/types\/post"}],"author":[{"embeddable":true,"href":"https:\/\/www.cekt.org\/index.php?rest_route=\/wp\/v2\/users\/1"}],"replies":[{"embeddable":true,"href":"https:\/\/www.cekt.org\/index.php?rest_route=%2Fwp%2Fv2%2Fcomments&post=129"}],"version-history":[{"count":0,"href":"https:\/\/www.cekt.org\/index.php?rest_route=\/wp\/v2\/posts\/129\/revisions"}],"wp:attachment":[{"href":"https:\/\/www.cekt.org\/index.php?rest_route=%2Fwp%2Fv2%2Fmedia&parent=129"}],"wp:term":[{"taxonomy":"category","embeddable":true,"href":"https:\/\/www.cekt.org\/index.php?rest_route=%2Fwp%2Fv2%2Fcategories&post=129"},{"taxonomy":"post_tag","embeddable":true,"href":"https:\/\/www.cekt.org\/index.php?rest_route=%2Fwp%2Fv2%2Ftags&post=129"}],"curies":[{"name":"wp","href":"https:\/\/api.w.org\/{rel}","templated":true}]}}