{"id":149,"date":"2012-10-13T18:34:23","date_gmt":"2012-10-13T18:34:23","guid":{"rendered":"https:\/\/www.cekt.org\/?p=149"},"modified":"2012-10-24T14:26:37","modified_gmt":"2012-10-24T14:26:37","slug":"seleccion-cekt-al-cpto-europeo-wako","status":"publish","type":"post","link":"https:\/\/www.cekt.org\/?p=149","title":{"rendered":"SELECCI\u00d3N  CEKT AL CPT\u00ba EUROPEO WAKO -ANKARA  K I , LOW KICK"},"content":{"rendered":"<div>\n<div><\/div>\n<p>Os comunicamos\u00a0 que\u00a0 del 27 de Octubre al 2 de Noviembre la Selecci\u00f3n CEKT \u00a0formada por \u00a0Jos\u00e9 Vicente Eguzkitza( Seleccionador ) Mikel Rodr\u00edguez, Aitor Eguzkitza,Borja Mendioroz( Arbitro ) Jairo Diaz ,Estela Garc\u00eda , Jos\u00e9 Manuel Mart\u00edn ,se desplazar\u00e1 a Turkia para participar en los Campeonatos de Europa WAKO 2012 , estos tienen un a\u00f1adido de importanc\u00eda ya que son clasificatorios para los 2\u00ba Juegos de Artes Marciales y Deportes de contacto que se celebrar\u00e1n en San Peterbusgo en el 2013 , pero hay que clasificar en estos Europeos en Kick, K I , L etc&#8230;&#8230;&#8230;&#8230;.os daremos m\u00e1s informaci\u00f3n en breve sobre los seleccionados os recordamos que viajan con los gastos pagados y esto exije un esfuerzo enorme no s\u00f3lo econ\u00f3mico ( que ya es grande al no recibir ni\u00a0 subvenciones ni ayudas , ya que los ingresos los generamos con las licenc\u00edas , cursos , eventos y MUY IMPORTANTE CON LAS AYUDAS DE LOS SPONSOR\u00a0 CHARLIE,RUDE BOYS,BOKKEN sin su ayuda esto seria mucho m\u00e1s dif\u00edcil\u00a0 por eso hay que COMPRAR PRODUCTOS DE LOS QUE NOS AYUDAN )\u00a0 tambi\u00e9n exije un enorme esfuerzo personal que pocas veces es comprendido y valorado\u00a0 ,lo dicho os iremos dando informaci\u00f3n .<\/p>\n<div id=\"pImg\"><a id=\"a1\"> <img decoding=\"async\" id=\"i1\" src=\"http:\/\/www.wakoweb.com\/Images_wakoweb\/10421.jpg\" alt=\"\" \/>\u00a0<\/a><\/div>\n<\/div>\n","protected":false},"excerpt":{"rendered":"<p>Os comunicamos\u00a0 que\u00a0 del 27 de Octubre al 2 de Noviembre la Selecci\u00f3n CEKT \u00a0formada por \u00a0Jos\u00e9 Vicente Eguzkitza( Seleccionador ) Mikel Rodr\u00edguez, Aitor Eguzkitza,Borja Mendioroz( Arbitro ) Jairo Diaz ,Estela Garc\u00eda , Jos\u00e9 Manuel Mart\u00edn ,se desplazar\u00e1 a Turkia para participar en los Campeonatos de Europa WAKO 2012 , estos tienen un a\u00f1adido de [&hellip;]<\/p>\n","protected":false},"author":1,"featured_media":0,"comment_status":"closed","ping_status":"open","sticky":false,"template":"","format":"standard","meta":{"footnotes":""},"categories":[1],"tags":[],"class_list":["post-149","post","type-post","status-publish","format-standard","hentry","category-noticias"],"_links":{"self":[{"href":"https:\/\/www.cekt.org\/index.php?rest_route=\/wp\/v2\/posts\/149","targetHints":{"allow":["GET"]}}],"collection":[{"href":"https:\/\/www.cekt.org\/index.php?rest_route=\/wp\/v2\/posts"}],"about":[{"href":"https:\/\/www.cekt.org\/index.php?rest_route=\/wp\/v2\/types\/post"}],"author":[{"embeddable":true,"href":"https:\/\/www.cekt.org\/index.php?rest_route=\/wp\/v2\/users\/1"}],"replies":[{"embeddable":true,"href":"https:\/\/www.cekt.org\/index.php?rest_route=%2Fwp%2Fv2%2Fcomments&post=149"}],"version-history":[{"count":0,"href":"https:\/\/www.cekt.org\/index.php?rest_route=\/wp\/v2\/posts\/149\/revisions"}],"wp:attachment":[{"href":"https:\/\/www.cekt.org\/index.php?rest_route=%2Fwp%2Fv2%2Fmedia&parent=149"}],"wp:term":[{"taxonomy":"category","embeddable":true,"href":"https:\/\/www.cekt.org\/index.php?rest_route=%2Fwp%2Fv2%2Fcategories&post=149"},{"taxonomy":"post_tag","embeddable":true,"href":"https:\/\/www.cekt.org\/index.php?rest_route=%2Fwp%2Fv2%2Ftags&post=149"}],"curies":[{"name":"wp","href":"https:\/\/api.w.org\/{rel}","templated":true}]}}