{"id":179,"date":"2012-11-13T13:22:35","date_gmt":"2012-11-13T13:22:35","guid":{"rendered":"https:\/\/www.cekt.org\/?p=179"},"modified":"2012-11-13T13:23:11","modified_gmt":"2012-11-13T13:23:11","slug":"campeonato-de-europa-wakopro-sabado-17-noviembre-anaitasuna","status":"publish","type":"post","link":"https:\/\/www.cekt.org\/?p=179","title":{"rendered":"CAMPEONATO DE EUROPA WAKOPRO &#8211; S\u00c1BADO 17 NOVIEMBRE ANAITASUNA"},"content":{"rendered":"<p>Este S\u00e1bado 17 en el Pabell\u00f3n ANAITASUNA\u00a0 de Pamplona\u00a0 Jos\u00e9 Vicente Eguzquiza organiza esta interesante velada en la que entre otros cruces com guinda\u00a0 se celebra el Cpt\u00ba Profesional WAKO\u00a0 entre \u00a0 Jari Erdozain\u00a0 ( Kanku)\u00a0 vs Sasha Pindrys (Portugal )\u00a0 promete ser un pele\u00f3n\u00a0 sin menospreciar al resto de participantes , Aitor, Mikel ,Thinda&#8230;&#8230;.etc&#8230;&#8230;&#8230;&#8230;..esperamos que el cintur\u00f3n se quede en Pamplona\u00a0 en las manos de Jari , recordar que Sasha es un gran peleador y con una trayectoria ascendente , en fin suer<\/p>\n<div>\n<p>&nbsp;<\/p>\n<div><a href=\"http:\/\/imageshack.us\/photo\/my-images\/542\/38498742527788741461292.jpg\/\"><img decoding=\"async\" src=\"http:\/\/img542.imageshack.us\/img542\/691\/38498742527788741461292.jpg\" alt=\"Imagen\" \/><\/a><\/div>\n<\/div>\n","protected":false},"excerpt":{"rendered":"<p>Este S\u00e1bado 17 en el Pabell\u00f3n ANAITASUNA\u00a0 de Pamplona\u00a0 Jos\u00e9 Vicente Eguzquiza organiza esta interesante velada en la que entre otros cruces com guinda\u00a0 se celebra el Cpt\u00ba Profesional WAKO\u00a0 entre \u00a0 Jari Erdozain\u00a0 ( Kanku)\u00a0 vs Sasha Pindrys (Portugal )\u00a0 promete ser un pele\u00f3n\u00a0 sin menospreciar al resto de participantes , Aitor, Mikel ,Thinda&#8230;&#8230;.etc&#8230;&#8230;&#8230;&#8230;..esperamos [&hellip;]<\/p>\n","protected":false},"author":1,"featured_media":0,"comment_status":"closed","ping_status":"open","sticky":false,"template":"","format":"standard","meta":{"footnotes":""},"categories":[1],"tags":[],"class_list":["post-179","post","type-post","status-publish","format-standard","hentry","category-noticias"],"_links":{"self":[{"href":"https:\/\/www.cekt.org\/index.php?rest_route=\/wp\/v2\/posts\/179","targetHints":{"allow":["GET"]}}],"collection":[{"href":"https:\/\/www.cekt.org\/index.php?rest_route=\/wp\/v2\/posts"}],"about":[{"href":"https:\/\/www.cekt.org\/index.php?rest_route=\/wp\/v2\/types\/post"}],"author":[{"embeddable":true,"href":"https:\/\/www.cekt.org\/index.php?rest_route=\/wp\/v2\/users\/1"}],"replies":[{"embeddable":true,"href":"https:\/\/www.cekt.org\/index.php?rest_route=%2Fwp%2Fv2%2Fcomments&post=179"}],"version-history":[{"count":0,"href":"https:\/\/www.cekt.org\/index.php?rest_route=\/wp\/v2\/posts\/179\/revisions"}],"wp:attachment":[{"href":"https:\/\/www.cekt.org\/index.php?rest_route=%2Fwp%2Fv2%2Fmedia&parent=179"}],"wp:term":[{"taxonomy":"category","embeddable":true,"href":"https:\/\/www.cekt.org\/index.php?rest_route=%2Fwp%2Fv2%2Fcategories&post=179"},{"taxonomy":"post_tag","embeddable":true,"href":"https:\/\/www.cekt.org\/index.php?rest_route=%2Fwp%2Fv2%2Ftags&post=179"}],"curies":[{"name":"wp","href":"https:\/\/api.w.org\/{rel}","templated":true}]}}