{"id":182,"date":"2012-11-13T13:41:04","date_gmt":"2012-11-13T13:41:04","guid":{"rendered":"https:\/\/www.cekt.org\/?p=182"},"modified":"2012-11-13T13:41:04","modified_gmt":"2012-11-13T13:41:04","slug":"velada-profesional-en-oviedo-sabado-24-noviembre","status":"publish","type":"post","link":"https:\/\/www.cekt.org\/?p=182","title":{"rendered":"VELADA PROFESIONAL EN OVIEDO S\u00c1BADO 24 NOVIEMBRE"},"content":{"rendered":"<div>\n<div>\n<div><\/div>\n<p>Anunciamos ya nuestra pr\u00f3xima velada; la segunda de la temporada; en la que contamos en esta ocasi\u00f3n con gente de lo m\u00e1s interesante en el panorama nacional. Jairo D\u00edaz, Diego V\u00e1zquez, Bazanov, Mourat, adem\u00e1s de varios campeones CEKT de este a\u00f1o, entre otros. Creemos que el cartel es atractivo para ocupar la tarde del s\u00e1bado y pegarse un viaje por estas tierras. As\u00ed que agradecemos a cualquiera que se anime a hacernos una visita. No se arrepentir\u00e1. Y nada, intentando mejorar poco a poco en cada uno de nuestros eventos. Saludos y salud, amigos.<\/p>\n<p>O. Cuerdo<\/p>\n<p><img decoding=\"async\" src=\"http:\/\/i46.tinypic.com\/zydr0k.jpg\" alt=\"Imagen\" \/><\/div>\n<\/div>\n","protected":false},"excerpt":{"rendered":"<p>Anunciamos ya nuestra pr\u00f3xima velada; la segunda de la temporada; en la que contamos en esta ocasi\u00f3n con gente de lo m\u00e1s interesante en el panorama nacional. Jairo D\u00edaz, Diego V\u00e1zquez, Bazanov, Mourat, adem\u00e1s de varios campeones CEKT de este a\u00f1o, entre otros. Creemos que el cartel es atractivo para ocupar la tarde del s\u00e1bado [&hellip;]<\/p>\n","protected":false},"author":1,"featured_media":0,"comment_status":"closed","ping_status":"open","sticky":false,"template":"","format":"standard","meta":{"footnotes":""},"categories":[1],"tags":[],"class_list":["post-182","post","type-post","status-publish","format-standard","hentry","category-noticias"],"_links":{"self":[{"href":"https:\/\/www.cekt.org\/index.php?rest_route=\/wp\/v2\/posts\/182","targetHints":{"allow":["GET"]}}],"collection":[{"href":"https:\/\/www.cekt.org\/index.php?rest_route=\/wp\/v2\/posts"}],"about":[{"href":"https:\/\/www.cekt.org\/index.php?rest_route=\/wp\/v2\/types\/post"}],"author":[{"embeddable":true,"href":"https:\/\/www.cekt.org\/index.php?rest_route=\/wp\/v2\/users\/1"}],"replies":[{"embeddable":true,"href":"https:\/\/www.cekt.org\/index.php?rest_route=%2Fwp%2Fv2%2Fcomments&post=182"}],"version-history":[{"count":0,"href":"https:\/\/www.cekt.org\/index.php?rest_route=\/wp\/v2\/posts\/182\/revisions"}],"wp:attachment":[{"href":"https:\/\/www.cekt.org\/index.php?rest_route=%2Fwp%2Fv2%2Fmedia&parent=182"}],"wp:term":[{"taxonomy":"category","embeddable":true,"href":"https:\/\/www.cekt.org\/index.php?rest_route=%2Fwp%2Fv2%2Fcategories&post=182"},{"taxonomy":"post_tag","embeddable":true,"href":"https:\/\/www.cekt.org\/index.php?rest_route=%2Fwp%2Fv2%2Ftags&post=182"}],"curies":[{"name":"wp","href":"https:\/\/api.w.org\/{rel}","templated":true}]}}