{"id":194,"date":"2012-11-26T10:50:17","date_gmt":"2012-11-26T10:50:17","guid":{"rendered":"https:\/\/www.cekt.org\/?p=194"},"modified":"2012-11-26T10:50:17","modified_gmt":"2012-11-26T10:50:17","slug":"aitor-eguzkiza-defendera-su-titulo-de-wakopro-en-rumania","status":"publish","type":"post","link":"https:\/\/www.cekt.org\/?p=194","title":{"rendered":"AITOR  EGUZKIZA DEFENDER\u00c1 SU T\u00cdTULO DE WAKOPRO EN RUMANIA"},"content":{"rendered":"<p>Pocos d\u00edas despu\u00e9s de que Jari Erdozain se proclamara Campe\u00f3n de Europa en la categor\u00eda de 65 kilos en una velada \u00e9pica, se vuelven a escuchar en Pamplona \u201ctambores de guerra\u201d.<\/p>\n<p>La WAKO (Asociaci\u00f3n Mundial de Organizaciones de Kickboxing) hizo llegar a Joxe Vicente Eguzkiza una propuesta para que su hijo Aitor, actual Campe\u00f3n del Mundo de los Pesos Superligeros, ponga en juego su t\u00edtulo conseguido el pasado a\u00f1o ante el italiano Michelle Iezzi.<\/p>\n<p>Tras los \u201ctiras y aflojas\u201d acostumbrados en estas proposiciones, el \u201cclan Eguzkiza\u201d ha respondido afirmativamente al desaf\u00edo.<\/p>\n<p>Y para ello no habr\u00e1 que esperar mucho. La defensa del cetro mundial se llevar\u00e1 a cabo el 7 de diciembre en Ruman\u00eda y el rival ser\u00e1 el luchador local Ionut Atodiresei.<\/p>\n<p>Poco se sabe de este zurdo y menudo (apenas supera el metro sesenta) peleador rumano. S\u00ed sabemos que es muy conocido en su pa\u00eds donde ha logrado resultados notables, como alg\u00fan que otro campeonato nacional y nos consta que tambi\u00e9n ha logrado t\u00edtulos continentales.<\/p>\n<p>Otra caracter\u00edstica de \u201cPitbull\u201d, as\u00ed es como se le conoce en este mundillo, es que es un deportista multidisciplinar, que hayamos podido saber, Ionut ha practicado disciplinas tan variadas como Kickboxing, Jiu-Jitsu o Wushu, entre otros.<\/p>\n<p>Como vemos un dur\u00edsimo y agresivo contrincante frente al que esperemos que nuestro campe\u00f3n pueda imponer su gran clase para que el deseado cintur\u00f3n no cambie de manos.<\/p>\n","protected":false},"excerpt":{"rendered":"<p>Pocos d\u00edas despu\u00e9s de que Jari Erdozain se proclamara Campe\u00f3n de Europa en la categor\u00eda de 65 kilos en una velada \u00e9pica, se vuelven a escuchar en Pamplona \u201ctambores de guerra\u201d. La WAKO (Asociaci\u00f3n Mundial de Organizaciones de Kickboxing) hizo llegar a Joxe Vicente Eguzkiza una propuesta para que su hijo Aitor, actual Campe\u00f3n del [&hellip;]<\/p>\n","protected":false},"author":1,"featured_media":0,"comment_status":"closed","ping_status":"open","sticky":false,"template":"","format":"standard","meta":{"footnotes":""},"categories":[1],"tags":[],"class_list":["post-194","post","type-post","status-publish","format-standard","hentry","category-noticias"],"_links":{"self":[{"href":"https:\/\/www.cekt.org\/index.php?rest_route=\/wp\/v2\/posts\/194","targetHints":{"allow":["GET"]}}],"collection":[{"href":"https:\/\/www.cekt.org\/index.php?rest_route=\/wp\/v2\/posts"}],"about":[{"href":"https:\/\/www.cekt.org\/index.php?rest_route=\/wp\/v2\/types\/post"}],"author":[{"embeddable":true,"href":"https:\/\/www.cekt.org\/index.php?rest_route=\/wp\/v2\/users\/1"}],"replies":[{"embeddable":true,"href":"https:\/\/www.cekt.org\/index.php?rest_route=%2Fwp%2Fv2%2Fcomments&post=194"}],"version-history":[{"count":0,"href":"https:\/\/www.cekt.org\/index.php?rest_route=\/wp\/v2\/posts\/194\/revisions"}],"wp:attachment":[{"href":"https:\/\/www.cekt.org\/index.php?rest_route=%2Fwp%2Fv2%2Fmedia&parent=194"}],"wp:term":[{"taxonomy":"category","embeddable":true,"href":"https:\/\/www.cekt.org\/index.php?rest_route=%2Fwp%2Fv2%2Fcategories&post=194"},{"taxonomy":"post_tag","embeddable":true,"href":"https:\/\/www.cekt.org\/index.php?rest_route=%2Fwp%2Fv2%2Ftags&post=194"}],"curies":[{"name":"wp","href":"https:\/\/api.w.org\/{rel}","templated":true}]}}