{"id":230,"date":"2013-01-28T18:51:17","date_gmt":"2013-01-28T18:51:17","guid":{"rendered":"https:\/\/www.cekt.org\/?p=230"},"modified":"2013-01-28T18:56:30","modified_gmt":"2013-01-28T18:56:30","slug":"circuito-regional-gaditano-2013-cadiz","status":"publish","type":"post","link":"https:\/\/www.cekt.org\/?p=230","title":{"rendered":"CIRCUITO REGIONAL GADITANO 2013 &#8211; C\u00c1DIZ &#8211;"},"content":{"rendered":"<div>\n<div>\n<table>\n<tbody>\n<tr>\n<td><\/td>\n<\/tr>\n<\/tbody>\n<\/table>\n<\/div>\n<\/div>\n<div>\n<div>\n<table cellpadding=\"0\">\n<tbody>\n<tr>\n<td><\/td>\n<td><\/td>\n<\/tr>\n<\/tbody>\n<\/table>\n<\/div>\n<\/div>\n<div><\/div>\n<div>\n<table cellpadding=\"0\">\n<tbody>\n<tr>\n<td>\n<table cellpadding=\"0\">\n<tbody>\n<tr>\n<td><\/td>\n<\/tr>\n<\/tbody>\n<\/table>\n<\/td>\n<td><\/td>\n<td><\/td>\n<td rowspan=\"2\"><\/td>\n<\/tr>\n<tr>\n<td colspan=\"3\">\n<table cellpadding=\"0\">\n<tbody>\n<tr>\n<td><\/td>\n<\/tr>\n<\/tbody>\n<\/table>\n<\/td>\n<\/tr>\n<\/tbody>\n<\/table>\n<\/div>\n<div>\n<div>\n<div>\n<h2><span style=\"text-decoration: underline;\">CIRCULAR CIRCUITO PROVINCIAL 2013<\/span><\/h2>\n<p><i>\u00a0<\/i><\/p>\n<p><i>Pesaje: Mismo d\u00eda de la competici\u00f3n.<\/i><\/p>\n<p><i>\u00a0<\/i><\/p>\n<p><i>Lugar Polideportivo Municipal ciudad de San Roque<\/i><\/p>\n<p><i>\u00a0<\/i><\/p>\n<p><i>Horarios: 15:00 a 17:00 Pesaje<\/i><\/p>\n<p><i>\u00a0<\/i><\/p>\n<p><i>Reconocimiento m\u00e9dico 17:00 a 19:00<\/i><\/p>\n<p><i>\u00a0<\/i><\/p>\n<p><i>Comienzo de la competici\u00f3n: 19:30<\/i><\/p>\n<p><i>\u00a0<\/i><\/p>\n<p><b><i>FECHA L\u00cdMITE INSCRIPCI\u00d3N: 18 de Febrero 2.013 inclusive.<\/i><\/b><\/p>\n<p><b><i>\u00a0<\/i><\/b><\/p>\n<p><b><i>NOTA IMPORTANTE: No se admitir\u00e1 a ning\u00fan club y sus competidores que no presenten las inscripciones en el plazo l\u00edmite y con la <span style=\"text-decoration: underline;\">licencia de competidor 2013\u00a0 y alta del club 2013.<\/span><\/i><\/b><\/p>\n<p><b><i>\u00a0<\/i><\/b><\/p>\n<p><b><i>Dichas\u00a0 inscripciones deber\u00e1n ser remitidas por correo electr\u00f3nico una\u00a0 la delegaci\u00f3n Gaditana y otra al organizador del evento a estos correos<\/i><\/b><\/p>\n<p><i>\u00a0<\/i><\/p>\n<p><a href=\"mailto:catydia@gmail.com\" target=\"_blank\">catydia@gmail.com<\/a> y a <a href=\"mailto:boxlara@hotmail.es\" target=\"_blank\">boxlara@hotmail.es<\/a><\/p>\n<p>&nbsp;<\/p>\n<p>Siendo requisito importante para poder tener los datos por duplicado al objeto de verificar las fechas de las <i>inscripciones de todos los participantes. <\/i><\/p>\n<p><i>Para el buen desarrollo del evento.<\/i><\/p>\n<p><i>\u00a0<\/i><\/p>\n<p><i>NOTA IMPORTANTE de la delegaci\u00f3n cekt C\u00e1diz.<\/i><\/p>\n<p><i>\u00a0<\/i><\/p>\n<p><i>En las modalidades de full, light y semi contact los competidores deber\u00e1n presentarse con pantal\u00f3n largo, espinilleras y patos de protecci\u00f3n<\/i><\/p>\n<p><i>\u00a0<\/i><\/p>\n<p><i>En las modalidades de kick, k1, y thai pantal\u00f3n corto y tibiales de protecci\u00f3n.<\/i><\/p>\n<p><i>\u00a0<\/i><\/p>\n<p><i>En todas las modalidades vendaje blando<\/i><\/p>\n<p><i>\u00a0<\/i><\/p>\n<p><i>Guantes y cascos a cargo de la organizaci\u00f3n<\/i><\/p>\n<p><i>\u00a0<\/i><\/p>\n<p><i>Los <span style=\"text-decoration: underline;\">dos\u00a0 entrenadores<\/span> solo podr\u00e1n estar a pie de ring\u00a0 teniendo en vigor\u00a0 la licencia cekt 2013 y la titulaci\u00f3n de entrenador.<\/i><\/p>\n<p><i>\u00a0<\/i><\/p>\n<p><i>Los menores de edad deber\u00e1n traer un autorizaci\u00f3n firmada \u00a0por su \u00a0padre, madre o tutor, para participar en el evento\u00a0 y\u00a0 fotocop\u00eda del dni de los padres<br \/>\n<\/i><\/p>\n<p><i>\u00a0<\/i><\/p>\n<p><i>Los competidores en este provincial ser\u00e1n agrupados en serie A y serie B.<\/i><\/p>\n<p><i>\u00a0<\/i><\/p>\n<p><i>\u00a0\u00a0\u00a0\u00a0\u00a0\u00a0\u00a0\u00a0\u00a0\u00a0\u00a0 <span style=\"text-decoration: underline;\">Serie B<\/span>, m\u00e1ximo 20 combates amateur y 0 combate Neo-pro <\/i><\/p>\n<p><i>Serie B, m\u00e1ximo 10 en amateur y m\u00e1x 1 combate en Neo-pro<\/i><\/p>\n<p><i>\u00a0<\/i><\/p>\n<p><i><span style=\"text-decoration: underline;\">Serie A<\/span><\/i><i>, competidores con experiencia en Neo-pro m\u00e1x 20 combates y 0 en profesional, competidores con 10 combates en amateur pueden optar a entrar en el grupo serie A.<\/i><\/p>\n<p><i>\u00a0<\/i><\/p>\n<p><i>\u00a0<\/i><\/p>\n<p><i>\u00a0<\/i><\/p>\n<p><i>Para cualquier duda o sugerencia constructiva no dud\u00e9is en llamar.<\/i><\/p>\n<p>&nbsp;<\/p>\n<p><wbr \/>\u00a0\u00a0\u00a0\u00a0\u00a0\u00a0\u00a0\u00a0\u00a0\u00a0\u00a0\u00a0\u00a0\u00a0\u00a0\u00a0\u00a0\u00a0\u00a0\u00a0\u00a0\u00a0\u00a0\u00a0\u00a0\u00a0\u00a0\u00a0\u00a0\u00a0<wbr \/>\u00a0\u00a0\u00a0\u00a0\u00a0\u00a0\u00a0\u00a0\u00a0\u00a0\u00a0\u00a0\u00a0\u00a0\u00a0\u00a0\u00a0\u00a0\u00a0\u00a0\u00a0\u00a0\u00a0\u00a0\u00a0\u00a0\u00a0\u00a0\u00a0\u00a0<wbr \/>\u00a0\u00a0\u00a0\u00a0\u00a0\u00a0\u00a0\u00a0\u00a0\u00a0\u00a0\u00a0\u00a0\u00a0\u00a0\u00a0\u00a0\u00a0\u00a0\u00a0\u00a0 \u00a0\u00a0\u00a0\u00a0\u00a0\u00a0\u00a0\u00a0\u00a0\u00a0\u00a0\u00a0\u00a0\u00a0\u00a0\u00a0\u00a0\u00a0\u00a0\u00a0\u00a0\u00a0\u00a0\u00a0\u00a0\u00a0Jos\u00e9 David Versaci<\/p>\n<table width=\"95\" cellpadding=\"0\">\n<tbody>\n<tr>\n<td><a href=\"https:\/\/mail.google.com\/mail\/u\/1\/?ui=2&amp;ik=15bb370877&amp;view=att&amp;th=13c6e474f622d6e3&amp;attid=0.1&amp;disp=inline&amp;realattid=f_hcccut420&amp;safe=1&amp;zw\" target=\"_blank\"><img loading=\"lazy\" decoding=\"async\" alt=\"76970_4664093755216_616077017_n.jpg\" src=\"https:\/\/mail.google.com\/mail\/u\/1\/?ui=2&amp;ik=15bb370877&amp;view=att&amp;th=13c6e474f622d6e3&amp;attid=0.1&amp;disp=thd&amp;realattid=f_hcccut420&amp;zw\" width=\"221\" height=\"289\" \/><\/a><\/td>\n<\/tr>\n<\/tbody>\n<\/table>\n<p><wbr \/>\u00a0\u00a0\u00a0\u00a0\u00a0\u00a0\u00a0\u00a0\u00a0\u00a0\u00a0\u00a0\u00a0\u00a0\u00a0\u00a0\u00a0\u00a0\u00a0\u00a0\u00a0\u00a0\u00a0\u00a0\u00a0\u00a0\u00a0\u00a0\u00a0\u00a0<wbr \/>\u00a0\u00a0\u00a0\u00a0\u00a0\u00a0\u00a0\u00a0\u00a0\u00a0\u00a0\u00a0\u00a0\u00a0\u00a0\u00a0\u00a0\u00a0\u00a0\u00a0\u00a0\u00a0\u00a0\u00a0\u00a0\u00a0\u00a0\u00a0\u00a0\u00a0<wbr \/>\u00a0\u00a0\u00a0\u00a0\u00a0\u00a0\u00a0\u00a0\u00a0\u00a0\u00a0\u00a0\u00a0\u00a0\u00a0\u00a0\u00a0\u00a0\u00a0\u00a0\u00a0\u00a0\u00a0\u00a0\u00a0\u00a0\u00a0\u00a0\u00a0\u00a0<wbr \/><\/p>\n<\/div>\n<\/div>\n<\/div>\n<table cellpadding=\"0\">\n<tbody>\n<tr>\n<td><\/td>\n<td><\/td>\n<\/tr>\n<\/tbody>\n<\/table>\n","protected":false},"excerpt":{"rendered":"<p>CIRCULAR CIRCUITO PROVINCIAL 2013 \u00a0 Pesaje: Mismo d\u00eda de la competici\u00f3n. \u00a0 Lugar Polideportivo Municipal ciudad de San Roque \u00a0 Horarios: 15:00 a 17:00 Pesaje \u00a0 Reconocimiento m\u00e9dico 17:00 a 19:00 \u00a0 Comienzo de la competici\u00f3n: 19:30 \u00a0 FECHA L\u00cdMITE INSCRIPCI\u00d3N: 18 de Febrero 2.013 inclusive. \u00a0 NOTA IMPORTANTE: No se admitir\u00e1 a ning\u00fan club [&hellip;]<\/p>\n","protected":false},"author":1,"featured_media":0,"comment_status":"closed","ping_status":"open","sticky":false,"template":"","format":"standard","meta":{"footnotes":""},"categories":[1],"tags":[],"class_list":["post-230","post","type-post","status-publish","format-standard","hentry","category-noticias"],"_links":{"self":[{"href":"https:\/\/www.cekt.org\/index.php?rest_route=\/wp\/v2\/posts\/230","targetHints":{"allow":["GET"]}}],"collection":[{"href":"https:\/\/www.cekt.org\/index.php?rest_route=\/wp\/v2\/posts"}],"about":[{"href":"https:\/\/www.cekt.org\/index.php?rest_route=\/wp\/v2\/types\/post"}],"author":[{"embeddable":true,"href":"https:\/\/www.cekt.org\/index.php?rest_route=\/wp\/v2\/users\/1"}],"replies":[{"embeddable":true,"href":"https:\/\/www.cekt.org\/index.php?rest_route=%2Fwp%2Fv2%2Fcomments&post=230"}],"version-history":[{"count":0,"href":"https:\/\/www.cekt.org\/index.php?rest_route=\/wp\/v2\/posts\/230\/revisions"}],"wp:attachment":[{"href":"https:\/\/www.cekt.org\/index.php?rest_route=%2Fwp%2Fv2%2Fmedia&parent=230"}],"wp:term":[{"taxonomy":"category","embeddable":true,"href":"https:\/\/www.cekt.org\/index.php?rest_route=%2Fwp%2Fv2%2Fcategories&post=230"},{"taxonomy":"post_tag","embeddable":true,"href":"https:\/\/www.cekt.org\/index.php?rest_route=%2Fwp%2Fv2%2Ftags&post=230"}],"curies":[{"name":"wp","href":"https:\/\/api.w.org\/{rel}","templated":true}]}}