{"id":374,"date":"2013-07-03T06:47:39","date_gmt":"2013-07-03T06:47:39","guid":{"rendered":"https:\/\/www.cekt.org\/?p=374"},"modified":"2013-07-03T07:18:07","modified_gmt":"2013-07-03T07:18:07","slug":"resultados-cpto-interautonomico-2013-ponferrada","status":"publish","type":"post","link":"https:\/\/www.cekt.org\/?p=374","title":{"rendered":"RESULTADOS CPT\u00ba INTERAUTON\u00d3MICO 2013 ( PONFERRADA )"},"content":{"rendered":"<p>El pasado fin de semana 28,29,30 de Junio como sabe\u00eds se celebraron en la ciudad de Ponferrada-Le\u00f3n\u00a0 , desde aqu\u00ed\u00a0 queremos agradecer al\u00a0 Ayt\u00ba de Ponferrada representado por el Cocejal de Deportes ( Sergio )\u00a0 y a el organizador Diego y su equipo del Mamba Gym ( pendientes de todo )\u00a0 el trato que se nos dispens\u00f3 y la ayuda sin la cual\u00a0 hubiera sido muy dificil haberlos\u00a0 podido organizar , con todas las dificultades que conlleva organizar un evento de estas caracter\u00edsticas tenemos que destacar\u00a0 el \u00a8buen rollo\u00a8 ( estuvo Jos\u00e9 Mota , molestador de famosos- artaburo-)que hubo en todo momento entre nosotros y el comportamiento deportivo\u00a0 de todos los participantes, tanto deportistas como t\u00e9cnicos , jueces , arbitros\u00a0 as\u00ed como destacar la \u00a8incorporaci\u00f3n \u00a8de una nueva cantera de competidores con ganas y buen nivel\u00a0 etc\u2026\u2026\u2026..en f\u00edn desde aqu\u00ed damos las gracias a los asistentes que acudieron\u00a0 asumiendo un\u00a0 gran\u00a0 esfuerzo ( econ\u00f3mico , teniendo en cuenta la situaci\u00f3n actual , mencionar por la lejan\u00eda a los representantes de Canarias y Baleares ) \u00a0 GRACIAS\u00a0 A TODOS\u00a0 LOS ASISTENTES\u00a0 por hacer posible esto , tenemos ya posibles sedes para el a\u00f1o 2014 .Os daremos m\u00e1s informaci\u00f3n<\/p>\n<p>RESULTADOS<\/p>\n<p>FORMAS<\/p>\n<p>Oro-Miguel \u00c1ngel\u00a0 Marqu\u00e9s Maestre\u00a0 (Madrid)\u00a0\u00a0\u00a0\u00a0\u00a0\u00a0\u00a0\u00a0\u00a0\u00a0\u00a0\u00a0\u00a0\u00a0\u00a0\u00a0 Plata- Jes\u00fas Valverde\u00a0 ( Valencia )\u00a0\u00a0\u00a0\u00a0 Bronce- Daniela Sim\u00f3n ( Valencia )\u00a0 Bronce -Antonio Escudero\u00a0 (Valencia )<\/p>\n<p>SEMI- CONTACT<\/p>\n<p>Categoria Libre\u00a0 &#8211; \u00a0 Oro-Kevin\u00a0 Koff (Valencia )\u00a0\u00a0\u00a0\u00a0\u00a0\u00a0\u00a0\u00a0\u00a0\u00a0\u00a0\u00a0\u00a0\u00a0\u00a0\u00a0\u00a0 Plata-David Borras (Valencia)<\/p>\n<p>CADETE<\/p>\n<p>-57kg\u00a0\u00a0\u00a0 Oro -Anass Monnxtader (Extremadura )\u00a0\u00a0\u00a0\u00a0\u00a0\u00a0\u00a0\u00a0\u00a0\u00a0\u00a0\u00a0 Plata-Javier Talamante\u00a0 (Valencia)<\/p>\n<p>-69KG\u00a0\u00a0 Oro-Manuel Vendrell ( Valencia )\u00a0\u00a0\u00a0\u00a0\u00a0\u00a0\u00a0\u00a0\u00a0\u00a0\u00a0\u00a0\u00a0\u00a0\u00a0\u00a0\u00a0\u00a0\u00a0\u00a0\u00a0\u00a0\u00a0\u00a0\u00a0 Plata-Rachid Naimi (Extremadura)<\/p>\n<p>-74kg\u00a0\u00a0\u00a0 Oro- Anasser Rabidi (Valencia)\u00a0\u00a0\u00a0\u00a0\u00a0\u00a0\u00a0\u00a0\u00a0\u00a0\u00a0\u00a0\u00a0\u00a0\u00a0\u00a0\u00a0\u00a0\u00a0\u00a0\u00a0\u00a0\u00a0\u00a0\u00a0\u00a0\u00a0\u00a0\u00a0\u00a0 Plata-miguel Silla (Valencia)<\/p>\n<p>JUNIOR<\/p>\n<p>-57kg\u00a0 Oro- Ivan Lajara (Valencia)\u00a0\u00a0\u00a0\u00a0\u00a0\u00a0\u00a0\u00a0\u00a0\u00a0\u00a0\u00a0\u00a0\u00a0\u00a0\u00a0\u00a0\u00a0\u00a0\u00a0\u00a0\u00a0\u00a0\u00a0\u00a0\u00a0\u00a0\u00a0\u00a0\u00a0\u00a0\u00a0\u00a0\u00a0\u00a0\u00a0\u00a0\u00a0 Plata-Pablo de Fedfebre (Valencia)<\/p>\n<p>Masculino<\/p>\n<p>-69kg\u00a0 Oro-Manuel Vendrell (Valencia)\u00a0\u00a0\u00a0\u00a0\u00a0\u00a0\u00a0\u00a0\u00a0\u00a0 Plata-David Borras (Valencia)<\/p>\n<p>-74kg\u00a0 Oro-Pablo Mendez(Galicia)\u00a0\u00a0\u00a0\u00a0\u00a0\u00a0\u00a0\u00a0\u00a0\u00a0\u00a0\u00a0\u00a0\u00a0\u00a0\u00a0\u00a0\u00a0\u00a0\u00a0\u00a0 Plata-Javier L\u00e1zaro (Valencia)<\/p>\n<p>LIGHT CONTACT<\/p>\n<p>Femenino<\/p>\n<p>JUNIOR<\/p>\n<p>-60kg\u00a0 Oro-Sara Gordo (Catalu\u00f1a)\u00a0\u00a0\u00a0\u00a0\u00a0\u00a0\u00a0\u00a0\u00a0\u00a0\u00a0\u00a0\u00a0 Plata-Irene Vizcaino (Valencia)\u00a0\u00a0\u00a0\u00a0\u00a0\u00a0\u00a0\u00a0\u00a0\u00a0\u00a0\u00a0\u00a0\u00a0\u00a0\u00a0 Bronce-Jesica Casuso (Cantabria)\u00a0\u00a0\u00a0\u00a0\u00a0 Bronce-Irene Exposito (Cantabria)<\/p>\n<p>Masculino Junior<\/p>\n<p>-57kg\u00a0 Oro-Rub\u00e9n Fern\u00e1ndez (Cantabria)\u00a0\u00a0\u00a0\u00a0\u00a0\u00a0\u00a0\u00a0 Plata-Nicolas Gonz\u00e1lez (Valencia) \u00a0 \u00a0 \u00a0 \u00a0 \u00a0\u00a0 Bronce-Endica Ant\u00f3n (P.Vasco)<\/p>\n<p>-63kg\u00a0 Oro-Imanol Argudo (Valencia)\u00a0\u00a0\u00a0\u00a0\u00a0\u00a0\u00a0\u00a0\u00a0\u00a0\u00a0\u00a0\u00a0\u00a0\u00a0 Plata-Jos\u00e9 V\u00edctor Gonz\u00e1lez (Andalucia)<\/p>\n<p>Senior<\/p>\n<p>-63kg\u00a0 Oro-Manuel Grac\u00eda (Asturias)\u00a0\u00a0\u00a0\u00a0\u00a0\u00a0\u00a0\u00a0\u00a0\u00a0\u00a0\u00a0\u00a0\u00a0 Plata-Roi M\u00e1rquez (Galicia)\u00a0\u00a0\u00a0\u00a0\u00a0\u00a0\u00a0\u00a0\u00a0\u00a0\u00a0\u00a0\u00a0\u00a0\u00a0 Bronce-Tom\u00e1s L\u00f3pez (Valencia)<\/p>\n<p>-69kg\u00a0 Oro-Ra\u00fal P\u00e9rez (C.Le\u00f3n)\u00a0\u00a0\u00a0\u00a0\u00a0\u00a0\u00a0\u00a0\u00a0\u00a0\u00a0\u00a0\u00a0\u00a0\u00a0\u00a0\u00a0\u00a0\u00a0\u00a0\u00a0\u00a0\u00a0\u00a0\u00a0\u00a0\u00a0 Plata-Juan Ram\u00f3n Mata (Asturias)<\/p>\n<p>-74kg\u00a0 Oro-Gaiska Garc\u00eda (Cantabria) \u00a0 \u00a0 \u00a0 \u00a0 \u00a0 \u00a0\u00a0\u00a0 Plata-Diego Panadero (C.Le\u00f3n) \u00a0 \u00a0\u00a0 Bronce-Miguel \u00c1ngel S\u00e1nchez (Andalucia)\u00a0 Bronce-Jordi Dur\u00e1n (Galicia)<\/p>\n<p>-79kg\u00a0 Oro-Jonatan Belmar (Valencia)\u00a0\u00a0\u00a0\u00a0\u00a0\u00a0\u00a0\u00a0\u00a0\u00a0\u00a0\u00a0\u00a0 Plata-Jes\u00fas Manuel L\u00f3pez (C.Le\u00f3n)\u00a0 Bronce-Oscar Jorr\u00edn (Cantabria)\u00a0\u00a0\u00a0\u00a0\u00a0\u00a0\u00a0\u00a0 Bronce-Pablo Mendel (Galicia)<\/p>\n<p>-84kg\u00a0 Oro-Juan Jos\u00e9 Argudo (Valencia)\u00a0\u00a0\u00a0\u00a0\u00a0\u00a0\u00a0\u00a0\u00a0\u00a0\u00a0\u00a0\u00a0\u00a0\u00a0\u00a0\u00a0\u00a0\u00a0\u00a0\u00a0\u00a0\u00a0\u00a0\u00a0 Plata-Lucas Mart\u00ednez (Galicia)<\/p>\n<p>Femenino<\/p>\n<p>-55kg\u00a0 Oro-Cristina \u00d3rtiz (Valencia)\u00a0\u00a0\u00a0\u00a0\u00a0\u00a0\u00a0\u00a0\u00a0\u00a0\u00a0\u00a0\u00a0\u00a0\u00a0\u00a0\u00a0 Plata-Jessica S\u00e1nchez (Navarra)\u00a0\u00a0\u00a0\u00a0\u00a0 Bronce-Mar\u00eda Perrino (C.Le\u00f3n)\u00a0\u00a0\u00a0\u00a0\u00a0 Bronce-Andrea Prida (Cantabria)<\/p>\n<p>FULL-CONTACT<\/p>\n<p>CLASE A<\/p>\n<p>-63\u00b45kg\u00a0 Oro-David Maira (Galicia)\u00a0\u00a0\u00a0\u00a0\u00a0\u00a0\u00a0\u00a0\u00a0\u00a0\u00a0\u00a0\u00a0\u00a0\u00a0\u00a0\u00a0\u00a0\u00a0\u00a0\u00a0\u00a0\u00a0\u00a0\u00a0\u00a0\u00a0\u00a0\u00a0\u00a0\u00a0\u00a0\u00a0\u00a0 Plata-Jaime Sifre (Valencia)\u00a0\u00a0\u00a0\u00a0\u00a0\u00a0\u00a0 Bronce-Samir el Quassi (Catalu\u00f1a)<\/p>\n<p>-67kg\u00a0 Oro-Boja Mart\u00ednez (Galicia)\u00a0\u00a0\u00a0\u00a0\u00a0\u00a0\u00a0\u00a0\u00a0\u00a0\u00a0\u00a0\u00a0\u00a0\u00a0\u00a0\u00a0\u00a0\u00a0\u00a0\u00a0\u00a0\u00a0\u00a0\u00a0\u00a0\u00a0\u00a0\u00a0\u00a0\u00a0\u00a0\u00a0\u00a0\u00a0\u00a0 Plata-Mikel D\u00edaz (Asturias)\u00a0\u00a0\u00a0\u00a0\u00a0\u00a0\u00a0\u00a0\u00a0\u00a0 Bronce-Juan Francisco Rojas (Andalucia)<\/p>\n<p>-71kg\u00a0 Oro-Enrique Reyes (C.la Mancha)\u00a0\u00a0\u00a0\u00a0\u00a0\u00a0\u00a0\u00a0\u00a0\u00a0\u00a0\u00a0\u00a0\u00a0\u00a0\u00a0\u00a0\u00a0\u00a0\u00a0\u00a0\u00a0\u00a0\u00a0 Plata-Aaron Goz\u00e1lez (Galicia)<\/p>\n<p>-81kg\u00a0 Oro-Sergio Navarro (Canarias)\u00a0\u00a0\u00a0\u00a0\u00a0\u00a0\u00a0\u00a0\u00a0\u00a0\u00a0\u00a0\u00a0\u00a0\u00a0\u00a0\u00a0\u00a0\u00a0\u00a0\u00a0\u00a0\u00a0\u00a0\u00a0\u00a0\u00a0\u00a0 Plata-David Casta\u00f1\u00f3n (Asturias)\u00a0\u00a0\u00a0\u00a0\u00a0 Bronce-Carlos Balboa (Andalucia)<\/p>\n<p>-91kg\u00a0 Oro-Daniel Fern\u00e1ndez (Galicia)\u00a0\u00a0\u00a0\u00a0\u00a0\u00a0\u00a0\u00a0\u00a0\u00a0\u00a0\u00a0\u00a0\u00a0\u00a0\u00a0\u00a0\u00a0\u00a0\u00a0\u00a0\u00a0\u00a0\u00a0\u00a0\u00a0\u00a0\u00a0 Plata-Alejadro Rodr\u00edguez (Andalucia)<\/p>\n<p>CLASE B<\/p>\n<p>-60kg\u00a0 Oro-Adrian Mart\u00ednez (Asturias)\u00a0\u00a0\u00a0\u00a0\u00a0\u00a0\u00a0\u00a0\u00a0\u00a0\u00a0\u00a0\u00a0\u00a0\u00a0\u00a0\u00a0\u00a0\u00a0\u00a0\u00a0\u00a0\u00a0\u00a0\u00a0\u00a0 Plata-Miguel \u00c1ngel Marques (Madrid)<\/p>\n<p>-63\u00b45kg\u00a0 Oro-Luis Miguel Moro (Asturias)\u00a0\u00a0\u00a0\u00a0\u00a0\u00a0\u00a0\u00a0\u00a0\u00a0\u00a0\u00a0\u00a0\u00a0\u00a0\u00a0\u00a0\u00a0\u00a0\u00a0 Plata-Adrian Mart\u00ednez (Cantabria)<\/p>\n<p>-71kg\u00a0 Oro-Antonio S\u00e1nchez (Asturias)\u00a0\u00a0\u00a0\u00a0\u00a0\u00a0\u00a0\u00a0\u00a0\u00a0\u00a0\u00a0\u00a0\u00a0\u00a0\u00a0\u00a0\u00a0\u00a0\u00a0\u00a0\u00a0\u00a0\u00a0\u00a0\u00a0 Plata-Ra\u00fal P\u00e9rez (C.Le\u00f3n)<\/p>\n<p>-75kg\u00a0 Oro-Jos\u00e9 Antonio L\u00f3pez (Andalucia)\u00a0\u00a0\u00a0\u00a0\u00a0\u00a0\u00a0\u00a0\u00a0\u00a0\u00a0\u00a0\u00a0\u00a0\u00a0\u00a0\u00a0 Plata-Cesar \u00c1lvarez (Asturias)<\/p>\n<p>-86+kg\u00a0 Oro-Marcos Fern\u00e1ndez (Asturias)\u00a0\u00a0\u00a0\u00a0\u00a0\u00a0\u00a0\u00a0\u00a0\u00a0\u00a0\u00a0\u00a0\u00a0\u00a0\u00a0\u00a0\u00a0 Plata-Francisco Jos\u00e9 \u00c1vila (Andalucia)<\/p>\n<p>&nbsp;<\/p>\n<p>KICK-BOXING<\/p>\n<p>CLASE A<\/p>\n<p>-60kg\u00a0 Oro-Danie Calzado (Asturias)\u00a0\u00a0\u00a0\u00a0\u00a0\u00a0\u00a0\u00a0\u00a0\u00a0\u00a0\u00a0\u00a0\u00a0\u00a0\u00a0\u00a0\u00a0\u00a0\u00a0\u00a0\u00a0\u00a0\u00a0\u00a0\u00a0\u00a0\u00a0 Plata-Enrique le\u00f3n (Canarias)<\/p>\n<p>-63\u00b45kg\u00a0 Oro-Andoni Iglesias (Navarra)\u00a0\u00a0\u00a0\u00a0\u00a0\u00a0\u00a0\u00a0\u00a0\u00a0\u00a0\u00a0\u00a0\u00a0\u00a0\u00a0\u00a0\u00a0\u00a0\u00a0\u00a0 Plata-Sebastian Cristo (Canarias)\u00a0\u00a0\u00a0\u00a0\u00a0\u00a0\u00a0\u00a0 Bronce-Andr\u00e9s Mart\u00ednez(C.Le\u00f3n)<\/p>\n<p>-67kg\u00a0 Oro-David R\u00faiz (Canarias)\u00a0\u00a0\u00a0\u00a0\u00a0\u00a0\u00a0\u00a0\u00a0\u00a0\u00a0\u00a0\u00a0\u00a0\u00a0\u00a0\u00a0\u00a0\u00a0\u00a0\u00a0\u00a0\u00a0\u00a0\u00a0\u00a0\u00a0\u00a0\u00a0\u00a0\u00a0\u00a0 Plata-Rafael Valle (Catalu\u00f1a)<\/p>\n<p>-71kg\u00a0 Oro-Ezequiel Gil (Canarias)\u00a0\u00a0\u00a0\u00a0\u00a0\u00a0\u00a0\u00a0\u00a0\u00a0\u00a0\u00a0\u00a0\u00a0\u00a0\u00a0\u00a0\u00a0\u00a0\u00a0\u00a0\u00a0\u00a0\u00a0\u00a0\u00a0\u00a0\u00a0\u00a0\u00a0 Plata-Ismael Peregrina(Catalu\u00f1a)\u00a0\u00a0\u00a0\u00a0\u00a0\u00a0\u00a0\u00a0\u00a0 Bronce-Diego Ramos (Andalucia)<\/p>\n<p>-75kg\u00a0 Oro-Cesar Nu\u00f1ez (Navarra)\u00a0\u00a0\u00a0\u00a0\u00a0\u00a0\u00a0\u00a0\u00a0\u00a0\u00a0\u00a0\u00a0\u00a0\u00a0\u00a0\u00a0\u00a0\u00a0\u00a0\u00a0\u00a0\u00a0\u00a0\u00a0\u00a0\u00a0\u00a0 Plata-Jonathan Molano (Asturias)\u00a0\u00a0\u00a0\u00a0\u00a0\u00a0\u00a0\u00a0\u00a0\u00a0 Bronce-Daniel Mart\u00ednez (C.Le\u00f3n)<\/p>\n<p>-81kg\u00a0 Oro-Hugo Camacho (Canarias)\u00a0\u00a0\u00a0\u00a0\u00a0\u00a0\u00a0\u00a0\u00a0\u00a0\u00a0\u00a0\u00a0\u00a0\u00a0\u00a0\u00a0\u00a0\u00a0 \u00a0\u00a0 Plata-Juan Carlos Mera (Galicia)<\/p>\n<p>-86kg\u00a0 Oro-Marin Jordanov (Navarra)\u00a0\u00a0\u00a0\u00a0\u00a0\u00a0\u00a0\u00a0\u00a0\u00a0\u00a0\u00a0\u00a0\u00a0\u00a0\u00a0\u00a0\u00a0\u00a0\u00a0 Plata-Alcorac Caballero (Canarias)\u00a0\u00a0\u00a0\u00a0\u00a0\u00a0\u00a0\u00a0\u00a0\u00a0 Bronce-Iv\u00e1n R\u00faiz (Andalucia)<\/p>\n<p>+91kg\u00a0 Oro-Alfonso Valcarcel (Galicia)\u00a0\u00a0\u00a0\u00a0\u00a0\u00a0\u00a0\u00a0\u00a0\u00a0\u00a0\u00a0\u00a0\u00a0\u00a0\u00a0\u00a0\u00a0\u00a0 Plata-Saul \u00c1lvarez (C.Le\u00f3n)\u00a0\u00a0\u00a0\u00a0\u00a0\u00a0\u00a0\u00a0\u00a0\u00a0\u00a0\u00a0\u00a0 Bronce-Francisco Cervera (Andalucia)<\/p>\n<p>FEMENINO<\/p>\n<p>-52kg\u00a0 Oro-Irene Fern\u00e1ndez (C.la Mancha)\u00a0\u00a0\u00a0\u00a0\u00a0\u00a0\u00a0\u00a0\u00a0\u00a0\u00a0\u00a0 Plata-Mar\u00eda de la Torre (P.Vasco)\u00a0\u00a0\u00a0\u00a0 Bronce-Catalina D\u00edaz (Andalucia)<\/p>\n<p>-56kg\u00a0 Oro-Estela Garc\u00eda (Andalucia)\u00a0\u00a0\u00a0\u00a0\u00a0\u00a0\u00a0\u00a0\u00a0\u00a0\u00a0\u00a0\u00a0\u00a0\u00a0\u00a0\u00a0\u00a0\u00a0\u00a0\u00a0 Plata-Sara Ortiz (C.la Mancha)\u00a0\u00a0\u00a0\u00a0\u00a0\u00a0\u00a0\u00a0\u00a0 Bronce-Benigna Estanga (C.Le\u00f3n)<\/p>\n<p>-60kg\u00a0 Oro-F\u00e1tima Ramos (Andalucia)\u00a0\u00a0\u00a0\u00a0\u00a0\u00a0\u00a0\u00a0\u00a0\u00a0\u00a0\u00a0\u00a0\u00a0\u00a0\u00a0\u00a0\u00a0 Plata-Mar\u00eda M\u00e9ndez (C.la Mancha)<\/p>\n<p>CLASE B<\/p>\n<p>-54kg\u00a0 Oro-Hugo Gut\u00ederrez (Madrid)\u00a0\u00a0\u00a0\u00a0\u00a0\u00a0\u00a0\u00a0\u00a0\u00a0\u00a0\u00a0\u00a0\u00a0\u00a0\u00a0\u00a0\u00a0\u00a0\u00a0\u00a0\u00a0 Plata-David Fern\u00e1ndez (Madrid)\u00a0\u00a0\u00a0\u00a0\u00a0\u00a0\u00a0\u00a0 Bronce-Abel Amarilla (Extremadura)<\/p>\n<p>-60kg\u00a0 Oro-Borja Garc\u00eda (Madrid)\u00a0\u00a0\u00a0\u00a0\u00a0\u00a0\u00a0\u00a0\u00a0\u00a0\u00a0\u00a0\u00a0\u00a0\u00a0\u00a0\u00a0\u00a0\u00a0\u00a0\u00a0\u00a0\u00a0\u00a0\u00a0\u00a0 Plata-\u00c1ngel Herrero (C.Le\u00f3n)\u00a0\u00a0\u00a0\u00a0\u00a0\u00a0\u00a0\u00a0\u00a0\u00a0\u00a0\u00a0\u00a0\u00a0\u00a0 Bronce-Luis Galindo (P.Vasco)<\/p>\n<p>-63\u00b45kg\u00a0 Oro-Javier Socana (C.la Mancha)\u00a0\u00a0\u00a0\u00a0\u00a0\u00a0\u00a0\u00a0 Plata-Alejandro Rod\u00edn (Madrid)\u00a0\u00a0\u00a0\u00a0\u00a0\u00a0\u00a0\u00a0\u00a0\u00a0\u00a0 Bronce-Sergio \u00c1lvarez (Extremadura)<\/p>\n<p>-67kg\u00a0 Oro-Pablo Seco (Extremadura)\u00a0\u00a0\u00a0\u00a0\u00a0\u00a0\u00a0\u00a0\u00a0\u00a0\u00a0\u00a0\u00a0\u00a0\u00a0\u00a0\u00a0\u00a0 Plata-Cristian Ariza (Andalucia)\u00a0\u00a0\u00a0\u00a0\u00a0\u00a0\u00a0\u00a0\u00a0 Bronce-Santiago S\u00e1nchez (C.la Mancha)<\/p>\n<p>-71kg\u00a0 Oro-Jos\u00e9 Miguel Fern\u00e1ndez (C.Le\u00f3n)\u00a0\u00a0\u00a0\u00a0\u00a0\u00a0\u00a0\u00a0 Plata-Xabier Uribarri (P.Vasco)\u00a0\u00a0\u00a0\u00a0\u00a0\u00a0\u00a0\u00a0\u00a0\u00a0\u00a0 Bronce-Cristian Santamaria (Cantabria)<\/p>\n<p>-75kg\u00a0 Oro-\u00c1ngel Valdibieso (Cantabria)\u00a0\u00a0\u00a0\u00a0\u00a0\u00a0\u00a0\u00a0\u00a0\u00a0 \u00a0 Plata-Jos\u00e9 Carlos Arias (C.la Mancha)\u00a0 Bronce-Alberto Fern\u00e1ndez(Extremadura)<\/p>\n<p>-81kg\u00a0 Oro-Marco Le\u00f1ador (Extremadura)\u00a0\u00a0\u00a0\u00a0\u00a0\u00a0 \u00a0\u00a0 Plata-Imanol Garc\u00eda (Andalucia)\u00a0\u00a0\u00a0\u00a0\u00a0\u00a0\u00a0\u00a0\u00a0\u00a0 Bronce-Francisco Javier Gonz\u00e1lez (Asturias)<\/p>\n<p>FEMENINO<\/p>\n<p>-65kg\u00a0 Oro-Mar\u00eda del Mar Bonet (Baleares)\u00a0\u00a0\u00a0\u00a0\u00a0\u00a0\u00a0\u00a0 Plata-Marina Copado (Madrid)\u00a0\u00a0\u00a0\u00a0\u00a0\u00a0\u00a0\u00a0\u00a0\u00a0\u00a0\u00a0\u00a0\u00a0\u00a0 Bronce-Estefania Garc\u00eda (Galicia)<\/p>\n<p>+70kg\u00a0 Oro-Patricia Gonz\u00e1lez (Madrid)\u00a0\u00a0\u00a0\u00a0\u00a0\u00a0\u00a0\u00a0\u00a0\u00a0\u00a0\u00a0\u00a0\u00a0\u00a0 Plata-Alma Couchinho (Valencia)<\/p>\n<p>K-1<\/p>\n<p>CLASE A<\/p>\n<p>-67kg\u00a0 Oro-Marcelo Manuel Gonz\u00e1lez (C.Le\u00f3n)\u00a0 \u00a0 \u00a0\u00a0 \u00a0 \u00a0 \u00a0 \u00a0\u00a0 Plata-Aritz L\u00f3pez (P.Vasco)\u00a0\u00a0\u00a0\u00a0\u00a0\u00a0\u00a0\u00a0\u00a0\u00a0\u00a0 Bronce-\u00c1ngel Herrero (Madrid)<\/p>\n<p>-75kg\u00a0 Oro-Cristian Torre (C.Le\u00f3n)\u00a0\u00a0\u00a0\u00a0\u00a0\u00a0\u00a0\u00a0\u00a0\u00a0\u00a0\u00a0\u00a0\u00a0\u00a0\u00a0\u00a0\u00a0\u00a0\u00a0\u00a0\u00a0\u00a0\u00a0\u00a0\u00a0\u00a0\u00a0\u00a0\u00a0\u00a0\u00a0\u00a0\u00a0\u00a0\u00a0 Plata-Enrique Bonnin (Baleares)\u00a0\u00a0\u00a0\u00a0\u00a0\u00a0 Bronce-David Macias (Canarias)<\/p>\n<p>-81kg\u00a0 Oro-Jonathan de Abajo (C.Le\u00f3n)\u00a0\u00a0\u00a0\u00a0\u00a0\u00a0\u00a0\u00a0\u00a0\u00a0\u00a0\u00a0\u00a0\u00a0\u00a0\u00a0\u00a0\u00a0\u00a0\u00a0\u00a0\u00a0\u00a0\u00a0\u00a0\u00a0\u00a0 Plata-Pedro Mart\u00ednez (Andalucia)\u00a0\u00a0\u00a0\u00a0\u00a0\u00a0\u00a0\u00a0\u00a0\u00a0\u00a0\u00a0\u00a0\u00a0\u00a0\u00a0\u00a0\u00a0\u00a0\u00a0\u00a0\u00a0\u00a0\u00a0\u00a0\u00a0\u00a0\u00a0\u00a0\u00a0\u00a0\u00a0\u00a0\u00a0\u00a0\u00a0\u00a0\u00a0\u00a0\u00a0\u00a0\u00a0\u00a0\u00a0\u00a0\u00a0\u00a0\u00a0\u00a0\u00a0\u00a0\u00a0\u00a0\u00a0\u00a0\u00a0\u00a0\u00a0\u00a0\u00a0\u00a0\u00a0\u00a0\u00a0\u00a0\u00a0\u00a0\u00a0\u00a0\u00a0\u00a0\u00a0\u00a0\u00a0\u00a0\u00a0\u00a0\u00a0\u00a0\u00a0\u00a0\u00a0\u00a0\u00a0\u00a0\u00a0\u00a0\u00a0\u00a0\u00a0\u00a0\u00a0\u00a0\u00a0\u00a0\u00a0\u00a0\u00a0\u00a0\u00a0\u00a0\u00a0\u00a0\u00a0\u00a0\u00a0\u00a0\u00a0\u00a0\u00a0\u00a0\u00a0\u00a0\u00a0\u00a0\u00a0\u00a0\u00a0\u00a0\u00a0\u00a0\u00a0\u00a0\u00a0\u00a0\u00a0\u00a0\u00a0\u00a0\u00a0\u00a0\u00a0\u00a0\u00a0\u00a0\u00a0\u00a0\u00a0\u00a0\u00a0\u00a0\u00a0\u00a0\u00a0\u00a0\u00a0\u00a0\u00a0\u00a0 -86kg\u00a0 Oro-Alberto Blanco (Asturias)\u00a0\u00a0\u00a0\u00a0\u00a0\u00a0\u00a0\u00a0\u00a0\u00a0\u00a0\u00a0\u00a0\u00a0\u00a0\u00a0\u00a0\u00a0\u00a0\u00a0\u00a0\u00a0\u00a0\u00a0\u00a0\u00a0\u00a0\u00a0\u00a0\u00a0\u00a0 Plata-Rafael Cazorla(Canarias)<\/p>\n<p>FEMENINO<\/p>\n<p>-56kg\u00a0 Oro-Nerea Pascual (P.Vasco)\u00a0\u00a0\u00a0\u00a0\u00a0\u00a0\u00a0\u00a0\u00a0\u00a0\u00a0\u00a0\u00a0\u00a0\u00a0\u00a0\u00a0\u00a0\u00a0\u00a0\u00a0\u00a0\u00a0\u00a0\u00a0\u00a0\u00a0\u00a0\u00a0\u00a0\u00a0\u00a0\u00a0 Plata-Ana Isabel Sordo (P.Vasco)\u00a0\u00a0\u00a0\u00a0\u00a0\u00a0\u00a0\u00a0\u00a0\u00a0 Bronce-Iziar Lorea (Navarra)<\/p>\n<p>CLASE B<\/p>\n<p>-60kg\u00a0 Oro-Javier Saez (P.Vasco)\u00a0\u00a0\u00a0\u00a0\u00a0\u00a0\u00a0\u00a0\u00a0\u00a0\u00a0\u00a0\u00a0\u00a0\u00a0\u00a0\u00a0\u00a0\u00a0\u00a0\u00a0\u00a0\u00a0\u00a0\u00a0\u00a0\u00a0\u00a0\u00a0\u00a0\u00a0\u00a0\u00a0 Plata-Antonio Cordero (extremadura) \u00a0 \u00a0 Bronce-Iv\u00e1n Vicente (Madrid)<\/p>\n<p>-63\u00b45 Oro-Asier Iglesias (Navarra)\u00a0\u00a0\u00a0\u00a0\u00a0\u00a0\u00a0\u00a0\u00a0\u00a0\u00a0\u00a0\u00a0\u00a0\u00a0\u00a0\u00a0\u00a0\u00a0\u00a0\u00a0\u00a0\u00a0\u00a0\u00a0\u00a0\u00a0\u00a0\u00a0\u00a0 \u00a0\u00a0 Plata-Elvis Bonnin (Baleares)\u00a0\u00a0\u00a0\u00a0\u00a0\u00a0\u00a0\u00a0\u00a0\u00a0\u00a0\u00a0\u00a0\u00a0\u00a0\u00a0\u00a0 Bronce-Miguel Mart\u00ednez (Andalucia)<\/p>\n<p>-67kg\u00a0 Oro-Ibai R\u00faiz (P.Vasco)\u00a0\u00a0\u00a0\u00a0\u00a0\u00a0\u00a0\u00a0\u00a0\u00a0\u00a0\u00a0\u00a0\u00a0\u00a0\u00a0\u00a0\u00a0\u00a0\u00a0\u00a0\u00a0\u00a0\u00a0\u00a0\u00a0\u00a0\u00a0\u00a0\u00a0\u00a0\u00a0\u00a0\u00a0\u00a0\u00a0\u00a0\u00a0\u00a0\u00a0\u00a0\u00a0 Plata-Juan Carlos G\u00f3imez (Extremadura)<\/p>\n<p>-71kg\u00a0 Oro-Eder Prada (C.Le\u00f3n)\u00a0\u00a0\u00a0\u00a0\u00a0\u00a0\u00a0\u00a0\u00a0\u00a0\u00a0\u00a0\u00a0\u00a0\u00a0\u00a0\u00a0\u00a0\u00a0\u00a0\u00a0\u00a0\u00a0\u00a0\u00a0\u00a0\u00a0\u00a0\u00a0\u00a0\u00a0\u00a0\u00a0\u00a0\u00a0\u00a0\u00a0\u00a0\u00a0 Plata-Yeray Mart\u00ednez (P.Vasco)\u00a0\u00a0\u00a0\u00a0\u00a0\u00a0\u00a0\u00a0\u00a0\u00a0\u00a0\u00a0\u00a0\u00a0\u00a0 Bronce-Carlos Velo (Madrid)<\/p>\n<p>-75kg\u00a0 Oro-Gonzalo Blanco(C.la Mancha)\u00a0\u00a0\u00a0\u00a0\u00a0\u00a0\u00a0\u00a0\u00a0\u00a0\u00a0\u00a0\u00a0\u00a0\u00a0\u00a0\u00a0\u00a0\u00a0\u00a0\u00a0 Plata-Raul Guerrero (Andalucia)\u00a0\u00a0\u00a0\u00a0\u00a0\u00a0\u00a0\u00a0\u00a0\u00a0\u00a0\u00a0\u00a0 Bronce-David\u00a0 Benito (Navarra)<\/p>\n<p>-81kg\u00a0 Oro-Victor Marsal (Navarra)\u00a0\u00a0\u00a0\u00a0\u00a0\u00a0\u00a0\u00a0\u00a0\u00a0\u00a0\u00a0\u00a0\u00a0\u00a0\u00a0\u00a0\u00a0\u00a0\u00a0\u00a0\u00a0\u00a0 Plata-Jos\u00e9 Antonio Due\u00f1as(C.la Mancha)\u00a0\u00a0\u00a0\u00a0\u00a0 Bronce-Ander Garc\u00eda (P.Vasco)<\/p>\n<p>THAI-BOXING<\/p>\n<p>CLASE A<\/p>\n<p>-81lk\u00a0 Oro-Rub\u00e9n Garc\u00eda (Andalucia)\u00a0\u00a0\u00a0\u00a0\u00a0\u00a0\u00a0\u00a0\u00a0\u00a0\u00a0\u00a0\u00a0\u00a0\u00a0\u00a0\u00a0\u00a0\u00a0\u00a0\u00a0\u00a0\u00a0\u00a0\u00a0\u00a0\u00a0 Plata-Fernando Carnicero (C.Le\u00f3n)<\/p>\n<p>&nbsp;<\/p>\n<p>&nbsp;<\/p>\n<p>&nbsp;<\/p>\n<p>&nbsp;<\/p>\n<p>&nbsp;<\/p>\n","protected":false},"excerpt":{"rendered":"<p>El pasado fin de semana 28,29,30 de Junio como sabe\u00eds se celebraron en la ciudad de Ponferrada-Le\u00f3n\u00a0 , desde aqu\u00ed\u00a0 queremos agradecer al\u00a0 Ayt\u00ba de Ponferrada representado por el Cocejal de Deportes ( Sergio )\u00a0 y a el organizador Diego y su equipo del Mamba Gym ( pendientes de todo )\u00a0 el trato que se [&hellip;]<\/p>\n","protected":false},"author":1,"featured_media":0,"comment_status":"closed","ping_status":"open","sticky":false,"template":"","format":"standard","meta":{"footnotes":""},"categories":[1],"tags":[],"class_list":["post-374","post","type-post","status-publish","format-standard","hentry","category-noticias"],"_links":{"self":[{"href":"https:\/\/www.cekt.org\/index.php?rest_route=\/wp\/v2\/posts\/374","targetHints":{"allow":["GET"]}}],"collection":[{"href":"https:\/\/www.cekt.org\/index.php?rest_route=\/wp\/v2\/posts"}],"about":[{"href":"https:\/\/www.cekt.org\/index.php?rest_route=\/wp\/v2\/types\/post"}],"author":[{"embeddable":true,"href":"https:\/\/www.cekt.org\/index.php?rest_route=\/wp\/v2\/users\/1"}],"replies":[{"embeddable":true,"href":"https:\/\/www.cekt.org\/index.php?rest_route=%2Fwp%2Fv2%2Fcomments&post=374"}],"version-history":[{"count":0,"href":"https:\/\/www.cekt.org\/index.php?rest_route=\/wp\/v2\/posts\/374\/revisions"}],"wp:attachment":[{"href":"https:\/\/www.cekt.org\/index.php?rest_route=%2Fwp%2Fv2%2Fmedia&parent=374"}],"wp:term":[{"taxonomy":"category","embeddable":true,"href":"https:\/\/www.cekt.org\/index.php?rest_route=%2Fwp%2Fv2%2Fcategories&post=374"},{"taxonomy":"post_tag","embeddable":true,"href":"https:\/\/www.cekt.org\/index.php?rest_route=%2Fwp%2Fv2%2Ftags&post=374"}],"curies":[{"name":"wp","href":"https:\/\/api.w.org\/{rel}","templated":true}]}}